{"id":1841,"date":"2025-04-16T20:36:22","date_gmt":"2025-04-16T20:36:22","guid":{"rendered":"https:\/\/www.horizonconsulting.org\/adrian-graban\/"},"modified":"2025-04-25T16:42:31","modified_gmt":"2025-04-25T16:42:31","slug":"adrian-graban","status":"publish","type":"post","link":"https:\/\/www.horizonconsulting.org\/it\/adrian-graban\/","title":{"rendered":"Adri\u00e1n Graban"},"content":{"rendered":"\n<p>Nato a Ko\u0161ice, Slovacchia nel 1974. PhD. e Dottorato presso la Facolt\u00e0 di Giurisprudenza, Universit\u00e0 Pavol Jozef \u0160af\u00e1rik, Ko\u0161ice, Repubblica Slovacca. Adri\u00e1n Graban ha studiato anche presso l&#8217;Universit\u00e0 degli Studi di Roma \u201cLa Sapienza\u201d, Italia. Tirocinio presso l&#8217;Universit\u00e0 Europea di Roma, Italia. Iscritto all&#8217;Ordine degli Avvocati della Slovacchia dal 2002. \u00c8 specializzato in diritto commerciale, diritto civile, diritto societario, diritto immobiliare e procedimenti giudiziari. Adri\u00e1n Graban ha esperienza come consulente presso la Corte costituzionale della Repubblica slovacca. Parla fluentemente inglese e italiano.<\/p>\n\n<p>adrian@graban.sk<br\/>graban.sk<br\/>+421 55 625 40 96<\/p>\n\n<p>Kov\u00e1\u010dska 53 040 01 KO\u0160ICE, Slovakia<\/p>\n","protected":false},"excerpt":{"rendered":"<p>Nato a Ko\u0161ice, Slovacchia nel 1974. PhD. e Dottorato presso la Facolt\u00e0 di Giurisprudenza, Universit\u00e0 Pavol Jozef \u0160af\u00e1rik, Ko\u0161ice, Repubblica Slovacca. Adri\u00e1n Graban ha studiato anche presso l&#8217;Universit\u00e0 degli Studi di Roma \u201cLa Sapienza\u201d, Italia. Tirocinio presso l&#8217;Universit\u00e0 Europea di Roma, Italia. Iscritto all&#8217;Ordine degli Avvocati della Slovacchia dal 2002. \u00c8 specializzato in diritto commerciale, [&hellip;]<\/p>\n","protected":false},"author":1,"featured_media":1686,"comment_status":"closed","ping_status":"closed","sticky":false,"template":"","format":"standard","meta":{"footnotes":""},"categories":[66,97],"tags":[98],"class_list":["post-1841","post","type-post","status-publish","format-standard","has-post-thumbnail","hentry","category-professionisti","category-slovacchia","tag-graban-torma-partners-it"],"_links":{"self":[{"href":"https:\/\/www.horizonconsulting.org\/it\/wp-json\/wp\/v2\/posts\/1841","targetHints":{"allow":["GET"]}}],"collection":[{"href":"https:\/\/www.horizonconsulting.org\/it\/wp-json\/wp\/v2\/posts"}],"about":[{"href":"https:\/\/www.horizonconsulting.org\/it\/wp-json\/wp\/v2\/types\/post"}],"author":[{"embeddable":true,"href":"https:\/\/www.horizonconsulting.org\/it\/wp-json\/wp\/v2\/users\/1"}],"replies":[{"embeddable":true,"href":"https:\/\/www.horizonconsulting.org\/it\/wp-json\/wp\/v2\/comments?post=1841"}],"version-history":[{"count":1,"href":"https:\/\/www.horizonconsulting.org\/it\/wp-json\/wp\/v2\/posts\/1841\/revisions"}],"predecessor-version":[{"id":1842,"href":"https:\/\/www.horizonconsulting.org\/it\/wp-json\/wp\/v2\/posts\/1841\/revisions\/1842"}],"wp:featuredmedia":[{"embeddable":true,"href":"https:\/\/www.horizonconsulting.org\/it\/wp-json\/wp\/v2\/media\/1686"}],"wp:attachment":[{"href":"https:\/\/www.horizonconsulting.org\/it\/wp-json\/wp\/v2\/media?parent=1841"}],"wp:term":[{"taxonomy":"category","embeddable":true,"href":"https:\/\/www.horizonconsulting.org\/it\/wp-json\/wp\/v2\/categories?post=1841"},{"taxonomy":"post_tag","embeddable":true,"href":"https:\/\/www.horizonconsulting.org\/it\/wp-json\/wp\/v2\/tags?post=1841"}],"curies":[{"name":"wp","href":"https:\/\/api.w.org\/{rel}","templated":true}]}}